{"id":445,"date":"2018-09-27T09:27:40","date_gmt":"2018-09-27T07:27:40","guid":{"rendered":"http:\/\/lesforestiersassocies.fr\/?p=445"},"modified":"2023-03-13T10:21:57","modified_gmt":"2023-03-13T09:21:57","slug":"piquet-chataignier-acacia","status":"publish","type":"post","link":"https:\/\/lesforestiersassocies.fr\/index.php\/2018\/09\/27\/piquet-chataignier-acacia\/","title":{"rendered":"Piquet ch\u00e2taignier"},"content":{"rendered":"<pre>Piquet fendu et appoint\u00e9 (non \u00e9corc\u00e9)<br \/><br \/>Gros calibre : 2.00, 2.50 et 3.00 m\u00e8tres<br \/><br \/>Moyen calibre : 2.00 m\u00e8tres<br \/><br \/>Vendue par ballot de 35 pour les gros calibre, 50 pour les moyens calibre et \u00e0 l'unit\u00e9.<\/pre>\n\n\n<p><\/p>\n","protected":false},"excerpt":{"rendered":"<p>Piquet fendu et appoint\u00e9 (non \u00e9corc\u00e9)Gros calibre : 2.00, 2.50 [&hellip;]<\/p>\n","protected":false},"author":1,"featured_media":875,"comment_status":"open","ping_status":"open","sticky":false,"template":"template-protection-antirouille-rustol-owatrol.php","format":"standard","meta":{"footnotes":""},"categories":[5],"tags":[],"acf":[],"yoast_head":"<!-- This site is optimized with the Yoast SEO plugin v21.9 - https:\/\/yoast.com\/wordpress\/plugins\/seo\/ -->\n<title>Piquet ch\u00e2taignier - Les Forestiers Associ\u00e9s<\/title>\n<meta name=\"robots\" content=\"index, follow, max-snippet:-1, max-image-preview:large, max-video-preview:-1\" \/>\n<link rel=\"canonical\" href=\"https:\/\/lesforestiersassocies.fr\/index.php\/2018\/09\/27\/piquet-chataignier-acacia\/\" \/>\n<meta property=\"og:locale\" content=\"fr_FR\" \/>\n<meta property=\"og:type\" content=\"article\" \/>\n<meta property=\"og:title\" content=\"Piquet ch\u00e2taignier - Les Forestiers Associ\u00e9s\" \/>\n<meta property=\"og:description\" content=\"Piquet fendu et appoint\u00e9 (non \u00e9corc\u00e9)Gros calibre : 2.00, 2.50 [&hellip;]\" \/>\n<meta property=\"og:url\" content=\"https:\/\/lesforestiersassocies.fr\/index.php\/2018\/09\/27\/piquet-chataignier-acacia\/\" \/>\n<meta property=\"og:site_name\" content=\"Les Forestiers Associ\u00e9s\" \/>\n<meta property=\"article:published_time\" content=\"2018-09-27T07:27:40+00:00\" \/>\n<meta property=\"article:modified_time\" content=\"2023-03-13T09:21:57+00:00\" \/>\n<meta property=\"og:image\" content=\"https:\/\/lesforestiersassocies.fr\/wp-content\/uploads\/2018\/09\/d7f0b7e017484007dd4e33dbc74706deb60bdace.jpg\" \/>\n\t<meta property=\"og:image:width\" content=\"345\" \/>\n\t<meta property=\"og:image:height\" content=\"460\" \/>\n\t<meta property=\"og:image:type\" content=\"image\/jpeg\" \/>\n<meta name=\"author\" content=\"Accueil Forestiers\" \/>\n<meta name=\"twitter:card\" content=\"summary_large_image\" \/>\n<meta name=\"twitter:label1\" content=\"\u00c9crit par\" \/>\n\t<meta name=\"twitter:data1\" content=\"Accueil Forestiers\" \/>\n<script type=\"application\/ld+json\" class=\"yoast-schema-graph\">{\"@context\":\"https:\/\/schema.org\",\"@graph\":[{\"@type\":\"Article\",\"@id\":\"https:\/\/lesforestiersassocies.fr\/index.php\/2018\/09\/27\/piquet-chataignier-acacia\/#article\",\"isPartOf\":{\"@id\":\"https:\/\/lesforestiersassocies.fr\/index.php\/2018\/09\/27\/piquet-chataignier-acacia\/\"},\"author\":{\"name\":\"Accueil Forestiers\",\"@id\":\"https:\/\/lesforestiersassocies.fr\/#\/schema\/person\/771073c0fece1a2ab15e289a198a4e07\"},\"headline\":\"Piquet ch\u00e2taignier\",\"datePublished\":\"2018-09-27T07:27:40+00:00\",\"dateModified\":\"2023-03-13T09:21:57+00:00\",\"mainEntityOfPage\":{\"@id\":\"https:\/\/lesforestiersassocies.fr\/index.php\/2018\/09\/27\/piquet-chataignier-acacia\/\"},\"wordCount\":3,\"commentCount\":0,\"publisher\":{\"@id\":\"https:\/\/lesforestiersassocies.fr\/#organization\"},\"articleSection\":[\"Cl\u00f4ture bois\"],\"inLanguage\":\"fr-FR\",\"potentialAction\":[{\"@type\":\"CommentAction\",\"name\":\"Comment\",\"target\":[\"https:\/\/lesforestiersassocies.fr\/index.php\/2018\/09\/27\/piquet-chataignier-acacia\/#respond\"]}]},{\"@type\":\"WebPage\",\"@id\":\"https:\/\/lesforestiersassocies.fr\/index.php\/2018\/09\/27\/piquet-chataignier-acacia\/\",\"url\":\"https:\/\/lesforestiersassocies.fr\/index.php\/2018\/09\/27\/piquet-chataignier-acacia\/\",\"name\":\"Piquet ch\u00e2taignier - Les Forestiers Associ\u00e9s\",\"isPartOf\":{\"@id\":\"https:\/\/lesforestiersassocies.fr\/#website\"},\"datePublished\":\"2018-09-27T07:27:40+00:00\",\"dateModified\":\"2023-03-13T09:21:57+00:00\",\"breadcrumb\":{\"@id\":\"https:\/\/lesforestiersassocies.fr\/index.php\/2018\/09\/27\/piquet-chataignier-acacia\/#breadcrumb\"},\"inLanguage\":\"fr-FR\",\"potentialAction\":[{\"@type\":\"ReadAction\",\"target\":[\"https:\/\/lesforestiersassocies.fr\/index.php\/2018\/09\/27\/piquet-chataignier-acacia\/\"]}]},{\"@type\":\"BreadcrumbList\",\"@id\":\"https:\/\/lesforestiersassocies.fr\/index.php\/2018\/09\/27\/piquet-chataignier-acacia\/#breadcrumb\",\"itemListElement\":[{\"@type\":\"ListItem\",\"position\":1,\"name\":\"Accueil\",\"item\":\"https:\/\/lesforestiersassocies.fr\/\"},{\"@type\":\"ListItem\",\"position\":2,\"name\":\"Piquet ch\u00e2taignier\"}]},{\"@type\":\"WebSite\",\"@id\":\"https:\/\/lesforestiersassocies.fr\/#website\",\"url\":\"https:\/\/lesforestiersassocies.fr\/\",\"name\":\"Les Forestiers Associ\u00e9s\",\"description\":\"Les Forestiers Associ\u00e9s\",\"publisher\":{\"@id\":\"https:\/\/lesforestiersassocies.fr\/#organization\"},\"potentialAction\":[{\"@type\":\"SearchAction\",\"target\":{\"@type\":\"EntryPoint\",\"urlTemplate\":\"https:\/\/lesforestiersassocies.fr\/?s={search_term_string}\"},\"query-input\":\"required name=search_term_string\"}],\"inLanguage\":\"fr-FR\"},{\"@type\":\"Organization\",\"@id\":\"https:\/\/lesforestiersassocies.fr\/#organization\",\"name\":\"Les Forestiers Associ\u00e9s\",\"url\":\"https:\/\/lesforestiersassocies.fr\/\",\"logo\":{\"@type\":\"ImageObject\",\"inLanguage\":\"fr-FR\",\"@id\":\"https:\/\/lesforestiersassocies.fr\/#\/schema\/logo\/image\/\",\"url\":\"http:\/\/lesforestiersassocies.fr\/wp-content\/uploads\/2019\/01\/LFA-Logo.jpg\",\"contentUrl\":\"http:\/\/lesforestiersassocies.fr\/wp-content\/uploads\/2019\/01\/LFA-Logo.jpg\",\"width\":905,\"height\":314,\"caption\":\"Les Forestiers Associ\u00e9s\"},\"image\":{\"@id\":\"https:\/\/lesforestiersassocies.fr\/#\/schema\/logo\/image\/\"}},{\"@type\":\"Person\",\"@id\":\"https:\/\/lesforestiersassocies.fr\/#\/schema\/person\/771073c0fece1a2ab15e289a198a4e07\",\"name\":\"Accueil Forestiers\",\"image\":{\"@type\":\"ImageObject\",\"inLanguage\":\"fr-FR\",\"@id\":\"https:\/\/lesforestiersassocies.fr\/#\/schema\/person\/image\/\",\"url\":\"https:\/\/secure.gravatar.com\/avatar\/7b3733edc1d515203da830b13faed7e6?s=96&d=mm&r=g\",\"contentUrl\":\"https:\/\/secure.gravatar.com\/avatar\/7b3733edc1d515203da830b13faed7e6?s=96&d=mm&r=g\",\"caption\":\"Accueil Forestiers\"}}]}<\/script>\n<!-- \/ Yoast SEO plugin. -->","yoast_head_json":{"title":"Piquet ch\u00e2taignier - Les Forestiers Associ\u00e9s","robots":{"index":"index","follow":"follow","max-snippet":"max-snippet:-1","max-image-preview":"max-image-preview:large","max-video-preview":"max-video-preview:-1"},"canonical":"https:\/\/lesforestiersassocies.fr\/index.php\/2018\/09\/27\/piquet-chataignier-acacia\/","og_locale":"fr_FR","og_type":"article","og_title":"Piquet ch\u00e2taignier - Les Forestiers Associ\u00e9s","og_description":"Piquet fendu et appoint\u00e9 (non \u00e9corc\u00e9)Gros calibre : 2.00, 2.50 [&hellip;]","og_url":"https:\/\/lesforestiersassocies.fr\/index.php\/2018\/09\/27\/piquet-chataignier-acacia\/","og_site_name":"Les Forestiers Associ\u00e9s","article_published_time":"2018-09-27T07:27:40+00:00","article_modified_time":"2023-03-13T09:21:57+00:00","og_image":[{"width":345,"height":460,"url":"https:\/\/lesforestiersassocies.fr\/wp-content\/uploads\/2018\/09\/d7f0b7e017484007dd4e33dbc74706deb60bdace.jpg","type":"image\/jpeg"}],"author":"Accueil Forestiers","twitter_card":"summary_large_image","twitter_misc":{"\u00c9crit par":"Accueil Forestiers"},"schema":{"@context":"https:\/\/schema.org","@graph":[{"@type":"Article","@id":"https:\/\/lesforestiersassocies.fr\/index.php\/2018\/09\/27\/piquet-chataignier-acacia\/#article","isPartOf":{"@id":"https:\/\/lesforestiersassocies.fr\/index.php\/2018\/09\/27\/piquet-chataignier-acacia\/"},"author":{"name":"Accueil Forestiers","@id":"https:\/\/lesforestiersassocies.fr\/#\/schema\/person\/771073c0fece1a2ab15e289a198a4e07"},"headline":"Piquet ch\u00e2taignier","datePublished":"2018-09-27T07:27:40+00:00","dateModified":"2023-03-13T09:21:57+00:00","mainEntityOfPage":{"@id":"https:\/\/lesforestiersassocies.fr\/index.php\/2018\/09\/27\/piquet-chataignier-acacia\/"},"wordCount":3,"commentCount":0,"publisher":{"@id":"https:\/\/lesforestiersassocies.fr\/#organization"},"articleSection":["Cl\u00f4ture bois"],"inLanguage":"fr-FR","potentialAction":[{"@type":"CommentAction","name":"Comment","target":["https:\/\/lesforestiersassocies.fr\/index.php\/2018\/09\/27\/piquet-chataignier-acacia\/#respond"]}]},{"@type":"WebPage","@id":"https:\/\/lesforestiersassocies.fr\/index.php\/2018\/09\/27\/piquet-chataignier-acacia\/","url":"https:\/\/lesforestiersassocies.fr\/index.php\/2018\/09\/27\/piquet-chataignier-acacia\/","name":"Piquet ch\u00e2taignier - Les Forestiers Associ\u00e9s","isPartOf":{"@id":"https:\/\/lesforestiersassocies.fr\/#website"},"datePublished":"2018-09-27T07:27:40+00:00","dateModified":"2023-03-13T09:21:57+00:00","breadcrumb":{"@id":"https:\/\/lesforestiersassocies.fr\/index.php\/2018\/09\/27\/piquet-chataignier-acacia\/#breadcrumb"},"inLanguage":"fr-FR","potentialAction":[{"@type":"ReadAction","target":["https:\/\/lesforestiersassocies.fr\/index.php\/2018\/09\/27\/piquet-chataignier-acacia\/"]}]},{"@type":"BreadcrumbList","@id":"https:\/\/lesforestiersassocies.fr\/index.php\/2018\/09\/27\/piquet-chataignier-acacia\/#breadcrumb","itemListElement":[{"@type":"ListItem","position":1,"name":"Accueil","item":"https:\/\/lesforestiersassocies.fr\/"},{"@type":"ListItem","position":2,"name":"Piquet ch\u00e2taignier"}]},{"@type":"WebSite","@id":"https:\/\/lesforestiersassocies.fr\/#website","url":"https:\/\/lesforestiersassocies.fr\/","name":"Les Forestiers Associ\u00e9s","description":"Les Forestiers Associ\u00e9s","publisher":{"@id":"https:\/\/lesforestiersassocies.fr\/#organization"},"potentialAction":[{"@type":"SearchAction","target":{"@type":"EntryPoint","urlTemplate":"https:\/\/lesforestiersassocies.fr\/?s={search_term_string}"},"query-input":"required name=search_term_string"}],"inLanguage":"fr-FR"},{"@type":"Organization","@id":"https:\/\/lesforestiersassocies.fr\/#organization","name":"Les Forestiers Associ\u00e9s","url":"https:\/\/lesforestiersassocies.fr\/","logo":{"@type":"ImageObject","inLanguage":"fr-FR","@id":"https:\/\/lesforestiersassocies.fr\/#\/schema\/logo\/image\/","url":"http:\/\/lesforestiersassocies.fr\/wp-content\/uploads\/2019\/01\/LFA-Logo.jpg","contentUrl":"http:\/\/lesforestiersassocies.fr\/wp-content\/uploads\/2019\/01\/LFA-Logo.jpg","width":905,"height":314,"caption":"Les Forestiers Associ\u00e9s"},"image":{"@id":"https:\/\/lesforestiersassocies.fr\/#\/schema\/logo\/image\/"}},{"@type":"Person","@id":"https:\/\/lesforestiersassocies.fr\/#\/schema\/person\/771073c0fece1a2ab15e289a198a4e07","name":"Accueil Forestiers","image":{"@type":"ImageObject","inLanguage":"fr-FR","@id":"https:\/\/lesforestiersassocies.fr\/#\/schema\/person\/image\/","url":"https:\/\/secure.gravatar.com\/avatar\/7b3733edc1d515203da830b13faed7e6?s=96&d=mm&r=g","contentUrl":"https:\/\/secure.gravatar.com\/avatar\/7b3733edc1d515203da830b13faed7e6?s=96&d=mm&r=g","caption":"Accueil Forestiers"}}]}},"_links":{"self":[{"href":"https:\/\/lesforestiersassocies.fr\/index.php\/wp-json\/wp\/v2\/posts\/445"}],"collection":[{"href":"https:\/\/lesforestiersassocies.fr\/index.php\/wp-json\/wp\/v2\/posts"}],"about":[{"href":"https:\/\/lesforestiersassocies.fr\/index.php\/wp-json\/wp\/v2\/types\/post"}],"author":[{"embeddable":true,"href":"https:\/\/lesforestiersassocies.fr\/index.php\/wp-json\/wp\/v2\/users\/1"}],"replies":[{"embeddable":true,"href":"https:\/\/lesforestiersassocies.fr\/index.php\/wp-json\/wp\/v2\/comments?post=445"}],"version-history":[{"count":11,"href":"https:\/\/lesforestiersassocies.fr\/index.php\/wp-json\/wp\/v2\/posts\/445\/revisions"}],"predecessor-version":[{"id":9527,"href":"https:\/\/lesforestiersassocies.fr\/index.php\/wp-json\/wp\/v2\/posts\/445\/revisions\/9527"}],"wp:featuredmedia":[{"embeddable":true,"href":"https:\/\/lesforestiersassocies.fr\/index.php\/wp-json\/wp\/v2\/media\/875"}],"wp:attachment":[{"href":"https:\/\/lesforestiersassocies.fr\/index.php\/wp-json\/wp\/v2\/media?parent=445"}],"wp:term":[{"taxonomy":"category","embeddable":true,"href":"https:\/\/lesforestiersassocies.fr\/index.php\/wp-json\/wp\/v2\/categories?post=445"},{"taxonomy":"post_tag","embeddable":true,"href":"https:\/\/lesforestiersassocies.fr\/index.php\/wp-json\/wp\/v2\/tags?post=445"}],"curies":[{"name":"wp","href":"https:\/\/api.w.org\/{rel}","templated":true}]}}