{"id":466,"date":"2018-09-27T09:53:20","date_gmt":"2018-09-27T07:53:20","guid":{"rendered":"http:\/\/lesforestiersassocies.fr\/?p=466"},"modified":"2023-03-13T12:19:23","modified_gmt":"2023-03-13T11:19:23","slug":"volige-sapin-du-nord","status":"publish","type":"post","link":"https:\/\/lesforestiersassocies.fr\/index.php\/2018\/09\/27\/volige-sapin-du-nord\/","title":{"rendered":"Volige sapin du nord"},"content":{"rendered":"<pre>Volige s\u00e8che : <br>18x200 mm en 4.00 m\u00e8tres \n18x200 mm en 4.20 m\u00e8tres <br>18x200 mm en 4.50 m\u00e8tres  <br><br>Volige trait\u00e9e classe 2 jaune : <br>18x100 mm en 4.00 m\u00e8tres <br>18x200 mm en 4.50 m\u00e8tres  <br><br>Volige s\u00e8che non trait\u00e9e : <br>14x100 mm en 4.00 m\u00e8tres <br><br>Volige mi bois d\u00e9cal\u00e9 Trait\u00e9e Cl 2: <br>16x180 mm en 5.10 m\u00e8tres<\/pre>\n\n\n<p><\/p>\n","protected":false},"excerpt":{"rendered":"<p>Volige s\u00e8che : 18&#215;200 mm en 4.00 m\u00e8tres 18&#215;200 mm [&hellip;]<\/p>\n","protected":false},"author":1,"featured_media":1917,"comment_status":"open","ping_status":"open","sticky":false,"template":"template-protection-antirouille-rustol-owatrol.php","format":"standard","meta":{"footnotes":""},"categories":[8],"tags":[],"acf":[],"yoast_head":"<!-- This site is optimized with the Yoast SEO plugin v21.9 - https:\/\/yoast.com\/wordpress\/plugins\/seo\/ -->\n<title>Volige sapin du nord - Les Forestiers Associ\u00e9s<\/title>\n<meta name=\"robots\" content=\"index, follow, max-snippet:-1, max-image-preview:large, max-video-preview:-1\" \/>\n<link rel=\"canonical\" href=\"https:\/\/lesforestiersassocies.fr\/index.php\/2018\/09\/27\/volige-sapin-du-nord\/\" \/>\n<meta property=\"og:locale\" content=\"fr_FR\" \/>\n<meta property=\"og:type\" content=\"article\" \/>\n<meta property=\"og:title\" content=\"Volige sapin du nord - Les Forestiers Associ\u00e9s\" \/>\n<meta property=\"og:description\" content=\"Volige s\u00e8che : 18x200 mm en 4.00 m\u00e8tres 18x200 mm [&hellip;]\" \/>\n<meta property=\"og:url\" content=\"https:\/\/lesforestiersassocies.fr\/index.php\/2018\/09\/27\/volige-sapin-du-nord\/\" \/>\n<meta property=\"og:site_name\" content=\"Les Forestiers Associ\u00e9s\" \/>\n<meta property=\"article:published_time\" content=\"2018-09-27T07:53:20+00:00\" \/>\n<meta property=\"article:modified_time\" content=\"2023-03-13T11:19:23+00:00\" \/>\n<meta property=\"og:image\" content=\"https:\/\/lesforestiersassocies.fr\/wp-content\/uploads\/2018\/09\/volige.jpg\" \/>\n\t<meta property=\"og:image:width\" content=\"800\" \/>\n\t<meta property=\"og:image:height\" content=\"800\" \/>\n\t<meta property=\"og:image:type\" content=\"image\/jpeg\" \/>\n<meta name=\"author\" content=\"Accueil Forestiers\" \/>\n<meta name=\"twitter:card\" content=\"summary_large_image\" \/>\n<meta name=\"twitter:label1\" content=\"\u00c9crit par\" \/>\n\t<meta name=\"twitter:data1\" content=\"Accueil Forestiers\" \/>\n<script type=\"application\/ld+json\" class=\"yoast-schema-graph\">{\"@context\":\"https:\/\/schema.org\",\"@graph\":[{\"@type\":\"Article\",\"@id\":\"https:\/\/lesforestiersassocies.fr\/index.php\/2018\/09\/27\/volige-sapin-du-nord\/#article\",\"isPartOf\":{\"@id\":\"https:\/\/lesforestiersassocies.fr\/index.php\/2018\/09\/27\/volige-sapin-du-nord\/\"},\"author\":{\"name\":\"Accueil Forestiers\",\"@id\":\"https:\/\/lesforestiersassocies.fr\/#\/schema\/person\/771073c0fece1a2ab15e289a198a4e07\"},\"headline\":\"Volige sapin du nord\",\"datePublished\":\"2018-09-27T07:53:20+00:00\",\"dateModified\":\"2023-03-13T11:19:23+00:00\",\"mainEntityOfPage\":{\"@id\":\"https:\/\/lesforestiersassocies.fr\/index.php\/2018\/09\/27\/volige-sapin-du-nord\/\"},\"wordCount\":4,\"commentCount\":0,\"publisher\":{\"@id\":\"https:\/\/lesforestiersassocies.fr\/#organization\"},\"articleSection\":[\"Bois de charpente\"],\"inLanguage\":\"fr-FR\",\"potentialAction\":[{\"@type\":\"CommentAction\",\"name\":\"Comment\",\"target\":[\"https:\/\/lesforestiersassocies.fr\/index.php\/2018\/09\/27\/volige-sapin-du-nord\/#respond\"]}]},{\"@type\":\"WebPage\",\"@id\":\"https:\/\/lesforestiersassocies.fr\/index.php\/2018\/09\/27\/volige-sapin-du-nord\/\",\"url\":\"https:\/\/lesforestiersassocies.fr\/index.php\/2018\/09\/27\/volige-sapin-du-nord\/\",\"name\":\"Volige sapin du nord - Les Forestiers Associ\u00e9s\",\"isPartOf\":{\"@id\":\"https:\/\/lesforestiersassocies.fr\/#website\"},\"datePublished\":\"2018-09-27T07:53:20+00:00\",\"dateModified\":\"2023-03-13T11:19:23+00:00\",\"breadcrumb\":{\"@id\":\"https:\/\/lesforestiersassocies.fr\/index.php\/2018\/09\/27\/volige-sapin-du-nord\/#breadcrumb\"},\"inLanguage\":\"fr-FR\",\"potentialAction\":[{\"@type\":\"ReadAction\",\"target\":[\"https:\/\/lesforestiersassocies.fr\/index.php\/2018\/09\/27\/volige-sapin-du-nord\/\"]}]},{\"@type\":\"BreadcrumbList\",\"@id\":\"https:\/\/lesforestiersassocies.fr\/index.php\/2018\/09\/27\/volige-sapin-du-nord\/#breadcrumb\",\"itemListElement\":[{\"@type\":\"ListItem\",\"position\":1,\"name\":\"Accueil\",\"item\":\"https:\/\/lesforestiersassocies.fr\/\"},{\"@type\":\"ListItem\",\"position\":2,\"name\":\"Volige sapin du nord\"}]},{\"@type\":\"WebSite\",\"@id\":\"https:\/\/lesforestiersassocies.fr\/#website\",\"url\":\"https:\/\/lesforestiersassocies.fr\/\",\"name\":\"Les Forestiers Associ\u00e9s\",\"description\":\"Les Forestiers Associ\u00e9s\",\"publisher\":{\"@id\":\"https:\/\/lesforestiersassocies.fr\/#organization\"},\"potentialAction\":[{\"@type\":\"SearchAction\",\"target\":{\"@type\":\"EntryPoint\",\"urlTemplate\":\"https:\/\/lesforestiersassocies.fr\/?s={search_term_string}\"},\"query-input\":\"required name=search_term_string\"}],\"inLanguage\":\"fr-FR\"},{\"@type\":\"Organization\",\"@id\":\"https:\/\/lesforestiersassocies.fr\/#organization\",\"name\":\"Les Forestiers Associ\u00e9s\",\"url\":\"https:\/\/lesforestiersassocies.fr\/\",\"logo\":{\"@type\":\"ImageObject\",\"inLanguage\":\"fr-FR\",\"@id\":\"https:\/\/lesforestiersassocies.fr\/#\/schema\/logo\/image\/\",\"url\":\"http:\/\/lesforestiersassocies.fr\/wp-content\/uploads\/2019\/01\/LFA-Logo.jpg\",\"contentUrl\":\"http:\/\/lesforestiersassocies.fr\/wp-content\/uploads\/2019\/01\/LFA-Logo.jpg\",\"width\":905,\"height\":314,\"caption\":\"Les Forestiers Associ\u00e9s\"},\"image\":{\"@id\":\"https:\/\/lesforestiersassocies.fr\/#\/schema\/logo\/image\/\"}},{\"@type\":\"Person\",\"@id\":\"https:\/\/lesforestiersassocies.fr\/#\/schema\/person\/771073c0fece1a2ab15e289a198a4e07\",\"name\":\"Accueil Forestiers\",\"image\":{\"@type\":\"ImageObject\",\"inLanguage\":\"fr-FR\",\"@id\":\"https:\/\/lesforestiersassocies.fr\/#\/schema\/person\/image\/\",\"url\":\"https:\/\/secure.gravatar.com\/avatar\/7b3733edc1d515203da830b13faed7e6?s=96&d=mm&r=g\",\"contentUrl\":\"https:\/\/secure.gravatar.com\/avatar\/7b3733edc1d515203da830b13faed7e6?s=96&d=mm&r=g\",\"caption\":\"Accueil Forestiers\"}}]}<\/script>\n<!-- \/ Yoast SEO plugin. -->","yoast_head_json":{"title":"Volige sapin du nord - Les Forestiers Associ\u00e9s","robots":{"index":"index","follow":"follow","max-snippet":"max-snippet:-1","max-image-preview":"max-image-preview:large","max-video-preview":"max-video-preview:-1"},"canonical":"https:\/\/lesforestiersassocies.fr\/index.php\/2018\/09\/27\/volige-sapin-du-nord\/","og_locale":"fr_FR","og_type":"article","og_title":"Volige sapin du nord - Les Forestiers Associ\u00e9s","og_description":"Volige s\u00e8che : 18x200 mm en 4.00 m\u00e8tres 18x200 mm [&hellip;]","og_url":"https:\/\/lesforestiersassocies.fr\/index.php\/2018\/09\/27\/volige-sapin-du-nord\/","og_site_name":"Les Forestiers Associ\u00e9s","article_published_time":"2018-09-27T07:53:20+00:00","article_modified_time":"2023-03-13T11:19:23+00:00","og_image":[{"width":800,"height":800,"url":"https:\/\/lesforestiersassocies.fr\/wp-content\/uploads\/2018\/09\/volige.jpg","type":"image\/jpeg"}],"author":"Accueil Forestiers","twitter_card":"summary_large_image","twitter_misc":{"\u00c9crit par":"Accueil Forestiers"},"schema":{"@context":"https:\/\/schema.org","@graph":[{"@type":"Article","@id":"https:\/\/lesforestiersassocies.fr\/index.php\/2018\/09\/27\/volige-sapin-du-nord\/#article","isPartOf":{"@id":"https:\/\/lesforestiersassocies.fr\/index.php\/2018\/09\/27\/volige-sapin-du-nord\/"},"author":{"name":"Accueil Forestiers","@id":"https:\/\/lesforestiersassocies.fr\/#\/schema\/person\/771073c0fece1a2ab15e289a198a4e07"},"headline":"Volige sapin du nord","datePublished":"2018-09-27T07:53:20+00:00","dateModified":"2023-03-13T11:19:23+00:00","mainEntityOfPage":{"@id":"https:\/\/lesforestiersassocies.fr\/index.php\/2018\/09\/27\/volige-sapin-du-nord\/"},"wordCount":4,"commentCount":0,"publisher":{"@id":"https:\/\/lesforestiersassocies.fr\/#organization"},"articleSection":["Bois de charpente"],"inLanguage":"fr-FR","potentialAction":[{"@type":"CommentAction","name":"Comment","target":["https:\/\/lesforestiersassocies.fr\/index.php\/2018\/09\/27\/volige-sapin-du-nord\/#respond"]}]},{"@type":"WebPage","@id":"https:\/\/lesforestiersassocies.fr\/index.php\/2018\/09\/27\/volige-sapin-du-nord\/","url":"https:\/\/lesforestiersassocies.fr\/index.php\/2018\/09\/27\/volige-sapin-du-nord\/","name":"Volige sapin du nord - Les Forestiers Associ\u00e9s","isPartOf":{"@id":"https:\/\/lesforestiersassocies.fr\/#website"},"datePublished":"2018-09-27T07:53:20+00:00","dateModified":"2023-03-13T11:19:23+00:00","breadcrumb":{"@id":"https:\/\/lesforestiersassocies.fr\/index.php\/2018\/09\/27\/volige-sapin-du-nord\/#breadcrumb"},"inLanguage":"fr-FR","potentialAction":[{"@type":"ReadAction","target":["https:\/\/lesforestiersassocies.fr\/index.php\/2018\/09\/27\/volige-sapin-du-nord\/"]}]},{"@type":"BreadcrumbList","@id":"https:\/\/lesforestiersassocies.fr\/index.php\/2018\/09\/27\/volige-sapin-du-nord\/#breadcrumb","itemListElement":[{"@type":"ListItem","position":1,"name":"Accueil","item":"https:\/\/lesforestiersassocies.fr\/"},{"@type":"ListItem","position":2,"name":"Volige sapin du nord"}]},{"@type":"WebSite","@id":"https:\/\/lesforestiersassocies.fr\/#website","url":"https:\/\/lesforestiersassocies.fr\/","name":"Les Forestiers Associ\u00e9s","description":"Les Forestiers Associ\u00e9s","publisher":{"@id":"https:\/\/lesforestiersassocies.fr\/#organization"},"potentialAction":[{"@type":"SearchAction","target":{"@type":"EntryPoint","urlTemplate":"https:\/\/lesforestiersassocies.fr\/?s={search_term_string}"},"query-input":"required name=search_term_string"}],"inLanguage":"fr-FR"},{"@type":"Organization","@id":"https:\/\/lesforestiersassocies.fr\/#organization","name":"Les Forestiers Associ\u00e9s","url":"https:\/\/lesforestiersassocies.fr\/","logo":{"@type":"ImageObject","inLanguage":"fr-FR","@id":"https:\/\/lesforestiersassocies.fr\/#\/schema\/logo\/image\/","url":"http:\/\/lesforestiersassocies.fr\/wp-content\/uploads\/2019\/01\/LFA-Logo.jpg","contentUrl":"http:\/\/lesforestiersassocies.fr\/wp-content\/uploads\/2019\/01\/LFA-Logo.jpg","width":905,"height":314,"caption":"Les Forestiers Associ\u00e9s"},"image":{"@id":"https:\/\/lesforestiersassocies.fr\/#\/schema\/logo\/image\/"}},{"@type":"Person","@id":"https:\/\/lesforestiersassocies.fr\/#\/schema\/person\/771073c0fece1a2ab15e289a198a4e07","name":"Accueil Forestiers","image":{"@type":"ImageObject","inLanguage":"fr-FR","@id":"https:\/\/lesforestiersassocies.fr\/#\/schema\/person\/image\/","url":"https:\/\/secure.gravatar.com\/avatar\/7b3733edc1d515203da830b13faed7e6?s=96&d=mm&r=g","contentUrl":"https:\/\/secure.gravatar.com\/avatar\/7b3733edc1d515203da830b13faed7e6?s=96&d=mm&r=g","caption":"Accueil Forestiers"}}]}},"_links":{"self":[{"href":"https:\/\/lesforestiersassocies.fr\/index.php\/wp-json\/wp\/v2\/posts\/466"}],"collection":[{"href":"https:\/\/lesforestiersassocies.fr\/index.php\/wp-json\/wp\/v2\/posts"}],"about":[{"href":"https:\/\/lesforestiersassocies.fr\/index.php\/wp-json\/wp\/v2\/types\/post"}],"author":[{"embeddable":true,"href":"https:\/\/lesforestiersassocies.fr\/index.php\/wp-json\/wp\/v2\/users\/1"}],"replies":[{"embeddable":true,"href":"https:\/\/lesforestiersassocies.fr\/index.php\/wp-json\/wp\/v2\/comments?post=466"}],"version-history":[{"count":8,"href":"https:\/\/lesforestiersassocies.fr\/index.php\/wp-json\/wp\/v2\/posts\/466\/revisions"}],"predecessor-version":[{"id":9562,"href":"https:\/\/lesforestiersassocies.fr\/index.php\/wp-json\/wp\/v2\/posts\/466\/revisions\/9562"}],"wp:featuredmedia":[{"embeddable":true,"href":"https:\/\/lesforestiersassocies.fr\/index.php\/wp-json\/wp\/v2\/media\/1917"}],"wp:attachment":[{"href":"https:\/\/lesforestiersassocies.fr\/index.php\/wp-json\/wp\/v2\/media?parent=466"}],"wp:term":[{"taxonomy":"category","embeddable":true,"href":"https:\/\/lesforestiersassocies.fr\/index.php\/wp-json\/wp\/v2\/categories?post=466"},{"taxonomy":"post_tag","embeddable":true,"href":"https:\/\/lesforestiersassocies.fr\/index.php\/wp-json\/wp\/v2\/tags?post=466"}],"curies":[{"name":"wp","href":"https:\/\/api.w.org\/{rel}","templated":true}]}}